{"id":3192,"date":"2020-04-30T19:30:42","date_gmt":"2020-04-30T19:30:42","guid":{"rendered":"http:\/\/aise.eus\/?p=3192"},"modified":"2020-04-30T19:38:27","modified_gmt":"2020-04-30T19:38:27","slug":"llegar-al-ojo-del-huracan","status":"publish","type":"post","link":"https:\/\/aise.eus\/index.php\/2020\/04\/30\/llegar-al-ojo-del-huracan\/","title":{"rendered":"Llegar al ojo del hurac\u00e1n"},"content":{"rendered":"<h4 style=\"text-align: justify;\">\u00a0\u00a0\u00a0 \u00a0 \u00a0\u00a0 Vivimos tiempos de cambios, cambios r\u00e1pidos que trastocan la percepci\u00f3n del tiempo, cambios que no hemos elegido, globales, que impactan en lo macro y en lo micro&#8230; cambios que nos pueden sumergir en la sensaci\u00f3n se ser arrastradas por un hurac\u00e1n. En medio de todo esto hay muchas cosas que no sabemos, son tiempos tambi\u00e9n de incertidumbre, pero otras que s\u00ed, y estas cosas, las que sabemos, queremos usarlas. Queremos poner herramientas y miradas desde la facilitaci\u00f3n al servicio de este momento.<\/h4>\n<h4 style=\"text-align: justify;\">\u00a0\u00a0\u00a0\u00a0\u00a0\u00a0\u00a0 \u00abLlegar al ojo del hurac\u00e1n\u00bb es una propuesta formativa para personas que conocen sobre facilitaci\u00f3n, impulsada por las ganas de aportar algo que creo \u00fatil para el momento que vivimos colectivamente. En la sesi\u00f3n veremos teor\u00eda avanzada para la compresi\u00f3n de los procesos de reacci\u00f3n al cambio e indagaremos personalmente en la parte \u00fatil de nuestras respuestas. Esta dise\u00f1ado para grupo limitado buscando una co-creaci\u00f3n de una parte del espacio y sera gestionado por ZOOM.<\/h4>\n<p>&nbsp;<\/p>\n","protected":false},"excerpt":{"rendered":"<p>\u00a0\u00a0\u00a0 \u00a0 \u00a0\u00a0 Vivimos tiempos de cambios, cambios r\u00e1pidos que trastocan la percepci\u00f3n del tiempo, cambios que no hemos elegido, globales, que impactan en lo macro y en lo micro&#8230; cambios que nos pueden sumergir en la sensaci\u00f3n se ser arrastradas por un hurac\u00e1n. En medio de todo esto hay muchas cosas que no sabemos, son tiempos tambi\u00e9n de incertidumbre, [&hellip;]<\/p>\n","protected":false},"author":1,"featured_media":3193,"comment_status":"closed","ping_status":"open","sticky":false,"template":"","format":"standard","meta":{"footnotes":""},"categories":[143,135,129,146],"tags":[19],"class_list":["post-3192","post","type-post","status-publish","format-standard","has-post-thumbnail","hentry","category-destacados","category-formacion","category-laboratorios","category-online","tag-laboratorio"],"yoast_head":"<!-- This site is optimized with the Yoast SEO plugin v19.2 - https:\/\/yoast.com\/wordpress\/plugins\/seo\/ -->\n<title>Llegar al ojo del hurac\u00e1n | aise<\/title>\n<meta name=\"robots\" content=\"index, follow, max-snippet:-1, max-image-preview:large, max-video-preview:-1\" \/>\n<link rel=\"canonical\" href=\"https:\/\/aise.eus\/index.php\/2020\/04\/30\/llegar-al-ojo-del-huracan\/\" \/>\n<meta property=\"og:locale\" content=\"es_ES\" \/>\n<meta property=\"og:type\" content=\"article\" \/>\n<meta property=\"og:title\" content=\"Llegar al ojo del hurac\u00e1n | aise\" \/>\n<meta property=\"og:description\" content=\"\u00a0\u00a0\u00a0 \u00a0 \u00a0\u00a0 Vivimos tiempos de cambios, cambios r\u00e1pidos que trastocan la percepci\u00f3n del tiempo, cambios que no hemos elegido, globales, que impactan en lo macro y en lo micro&#8230; cambios que nos pueden sumergir en la sensaci\u00f3n se ser arrastradas por un hurac\u00e1n. En medio de todo esto hay muchas cosas que no sabemos, son tiempos tambi\u00e9n de incertidumbre, [&hellip;]\" \/>\n<meta property=\"og:url\" content=\"https:\/\/aise.eus\/index.php\/2020\/04\/30\/llegar-al-ojo-del-huracan\/\" \/>\n<meta property=\"og:site_name\" content=\"aise\" \/>\n<meta property=\"article:published_time\" content=\"2020-04-30T19:30:42+00:00\" \/>\n<meta property=\"article:modified_time\" content=\"2020-04-30T19:38:27+00:00\" \/>\n<meta property=\"og:image\" content=\"http:\/\/aise.eus\/wp-content\/uploads\/2020\/04\/cartel-ojo-huracan25.jpg\" \/>\n\t<meta property=\"og:image:width\" content=\"799\" \/>\n\t<meta property=\"og:image:height\" content=\"1081\" \/>\n\t<meta property=\"og:image:type\" content=\"image\/jpeg\" \/>\n<meta name=\"author\" content=\"admin6783\" \/>\n<meta name=\"twitter:card\" content=\"summary_large_image\" \/>\n<meta name=\"twitter:label1\" content=\"Escrito por\" \/>\n\t<meta name=\"twitter:data1\" content=\"admin6783\" \/>\n\t<meta name=\"twitter:label2\" content=\"Tiempo de lectura\" \/>\n\t<meta name=\"twitter:data2\" content=\"1 minuto\" \/>\n<script type=\"application\/ld+json\" class=\"yoast-schema-graph\">{\"@context\":\"https:\/\/schema.org\",\"@graph\":[{\"@type\":\"Organization\",\"@id\":\"https:\/\/aise.eus\/#organization\",\"name\":\"aise\",\"url\":\"https:\/\/aise.eus\/\",\"sameAs\":[],\"logo\":{\"@type\":\"ImageObject\",\"inLanguage\":\"es\",\"@id\":\"https:\/\/aise.eus\/#\/schema\/logo\/image\/\",\"url\":\"http:\/\/aise.eus\/wp-content\/uploads\/2018\/11\/AISE_Koop_Web_Logo_350px.jpg\",\"contentUrl\":\"http:\/\/aise.eus\/wp-content\/uploads\/2018\/11\/AISE_Koop_Web_Logo_350px.jpg\",\"width\":350,\"height\":87,\"caption\":\"aise\"},\"image\":{\"@id\":\"https:\/\/aise.eus\/#\/schema\/logo\/image\/\"}},{\"@type\":\"WebSite\",\"@id\":\"https:\/\/aise.eus\/#website\",\"url\":\"https:\/\/aise.eus\/\",\"name\":\"aise\",\"description\":\"Facilitamos el cambio\",\"publisher\":{\"@id\":\"https:\/\/aise.eus\/#organization\"},\"potentialAction\":[{\"@type\":\"SearchAction\",\"target\":{\"@type\":\"EntryPoint\",\"urlTemplate\":\"https:\/\/aise.eus\/?s={search_term_string}\"},\"query-input\":\"required name=search_term_string\"}],\"inLanguage\":\"es\"},{\"@type\":\"ImageObject\",\"inLanguage\":\"es\",\"@id\":\"https:\/\/aise.eus\/index.php\/2020\/04\/30\/llegar-al-ojo-del-huracan\/#primaryimage\",\"url\":\"https:\/\/aise.eus\/wp-content\/uploads\/2020\/04\/cartel-ojo-huracan25.jpg\",\"contentUrl\":\"https:\/\/aise.eus\/wp-content\/uploads\/2020\/04\/cartel-ojo-huracan25.jpg\",\"width\":799,\"height\":1081},{\"@type\":\"WebPage\",\"@id\":\"https:\/\/aise.eus\/index.php\/2020\/04\/30\/llegar-al-ojo-del-huracan\/#webpage\",\"url\":\"https:\/\/aise.eus\/index.php\/2020\/04\/30\/llegar-al-ojo-del-huracan\/\",\"name\":\"Llegar al ojo del hurac\u00e1n | aise\",\"isPartOf\":{\"@id\":\"https:\/\/aise.eus\/#website\"},\"primaryImageOfPage\":{\"@id\":\"https:\/\/aise.eus\/index.php\/2020\/04\/30\/llegar-al-ojo-del-huracan\/#primaryimage\"},\"datePublished\":\"2020-04-30T19:30:42+00:00\",\"dateModified\":\"2020-04-30T19:38:27+00:00\",\"breadcrumb\":{\"@id\":\"https:\/\/aise.eus\/index.php\/2020\/04\/30\/llegar-al-ojo-del-huracan\/#breadcrumb\"},\"inLanguage\":\"es\",\"potentialAction\":[{\"@type\":\"ReadAction\",\"target\":[\"https:\/\/aise.eus\/index.php\/2020\/04\/30\/llegar-al-ojo-del-huracan\/\"]}]},{\"@type\":\"BreadcrumbList\",\"@id\":\"https:\/\/aise.eus\/index.php\/2020\/04\/30\/llegar-al-ojo-del-huracan\/#breadcrumb\",\"itemListElement\":[{\"@type\":\"ListItem\",\"position\":1,\"name\":\"Portada\",\"item\":\"http:\/\/aise.eus\/\"},{\"@type\":\"ListItem\",\"position\":2,\"name\":\"Llegar al ojo del hurac\u00e1n\"}]},{\"@type\":\"Article\",\"@id\":\"https:\/\/aise.eus\/index.php\/2020\/04\/30\/llegar-al-ojo-del-huracan\/#article\",\"isPartOf\":{\"@id\":\"https:\/\/aise.eus\/index.php\/2020\/04\/30\/llegar-al-ojo-del-huracan\/#webpage\"},\"author\":{\"name\":\"admin6783\",\"@id\":\"https:\/\/aise.eus\/#\/schema\/person\/5298b8904029d93a695d79e8e802a4a3\"},\"headline\":\"Llegar al ojo del hurac\u00e1n\",\"datePublished\":\"2020-04-30T19:30:42+00:00\",\"dateModified\":\"2020-04-30T19:38:27+00:00\",\"mainEntityOfPage\":{\"@id\":\"https:\/\/aise.eus\/index.php\/2020\/04\/30\/llegar-al-ojo-del-huracan\/#webpage\"},\"wordCount\":178,\"publisher\":{\"@id\":\"https:\/\/aise.eus\/#organization\"},\"image\":{\"@id\":\"https:\/\/aise.eus\/index.php\/2020\/04\/30\/llegar-al-ojo-del-huracan\/#primaryimage\"},\"thumbnailUrl\":\"https:\/\/aise.eus\/wp-content\/uploads\/2020\/04\/cartel-ojo-huracan25.jpg\",\"keywords\":[\"laboratorio\"],\"articleSection\":[\"Destacados\",\"Formaci\u00f3n\",\"Laboratorios\",\"Online\"],\"inLanguage\":\"es\"},{\"@type\":\"Person\",\"@id\":\"https:\/\/aise.eus\/#\/schema\/person\/5298b8904029d93a695d79e8e802a4a3\",\"name\":\"admin6783\",\"image\":{\"@type\":\"ImageObject\",\"inLanguage\":\"es\",\"@id\":\"https:\/\/aise.eus\/#\/schema\/person\/image\/\",\"url\":\"https:\/\/secure.gravatar.com\/avatar\/fdeb9737e89b743bf76e911af5e786ee5ec5536d39fdacd80d5e5150e8e81ad3?s=96&d=mm&r=g\",\"contentUrl\":\"https:\/\/secure.gravatar.com\/avatar\/fdeb9737e89b743bf76e911af5e786ee5ec5536d39fdacd80d5e5150e8e81ad3?s=96&d=mm&r=g\",\"caption\":\"admin6783\"},\"url\":\"https:\/\/aise.eus\/index.php\/author\/admin6783\/\"}]}<\/script>\n<!-- \/ Yoast SEO plugin. -->","yoast_head_json":{"title":"Llegar al ojo del hurac\u00e1n | aise","robots":{"index":"index","follow":"follow","max-snippet":"max-snippet:-1","max-image-preview":"max-image-preview:large","max-video-preview":"max-video-preview:-1"},"canonical":"https:\/\/aise.eus\/index.php\/2020\/04\/30\/llegar-al-ojo-del-huracan\/","og_locale":"es_ES","og_type":"article","og_title":"Llegar al ojo del hurac\u00e1n | aise","og_description":"\u00a0\u00a0\u00a0 \u00a0 \u00a0\u00a0 Vivimos tiempos de cambios, cambios r\u00e1pidos que trastocan la percepci\u00f3n del tiempo, cambios que no hemos elegido, globales, que impactan en lo macro y en lo micro&#8230; cambios que nos pueden sumergir en la sensaci\u00f3n se ser arrastradas por un hurac\u00e1n. En medio de todo esto hay muchas cosas que no sabemos, son tiempos tambi\u00e9n de incertidumbre, [&hellip;]","og_url":"https:\/\/aise.eus\/index.php\/2020\/04\/30\/llegar-al-ojo-del-huracan\/","og_site_name":"aise","article_published_time":"2020-04-30T19:30:42+00:00","article_modified_time":"2020-04-30T19:38:27+00:00","og_image":[{"width":799,"height":1081,"url":"http:\/\/aise.eus\/wp-content\/uploads\/2020\/04\/cartel-ojo-huracan25.jpg","type":"image\/jpeg"}],"author":"admin6783","twitter_card":"summary_large_image","twitter_misc":{"Escrito por":"admin6783","Tiempo de lectura":"1 minuto"},"schema":{"@context":"https:\/\/schema.org","@graph":[{"@type":"Organization","@id":"https:\/\/aise.eus\/#organization","name":"aise","url":"https:\/\/aise.eus\/","sameAs":[],"logo":{"@type":"ImageObject","inLanguage":"es","@id":"https:\/\/aise.eus\/#\/schema\/logo\/image\/","url":"http:\/\/aise.eus\/wp-content\/uploads\/2018\/11\/AISE_Koop_Web_Logo_350px.jpg","contentUrl":"http:\/\/aise.eus\/wp-content\/uploads\/2018\/11\/AISE_Koop_Web_Logo_350px.jpg","width":350,"height":87,"caption":"aise"},"image":{"@id":"https:\/\/aise.eus\/#\/schema\/logo\/image\/"}},{"@type":"WebSite","@id":"https:\/\/aise.eus\/#website","url":"https:\/\/aise.eus\/","name":"aise","description":"Facilitamos el cambio","publisher":{"@id":"https:\/\/aise.eus\/#organization"},"potentialAction":[{"@type":"SearchAction","target":{"@type":"EntryPoint","urlTemplate":"https:\/\/aise.eus\/?s={search_term_string}"},"query-input":"required name=search_term_string"}],"inLanguage":"es"},{"@type":"ImageObject","inLanguage":"es","@id":"https:\/\/aise.eus\/index.php\/2020\/04\/30\/llegar-al-ojo-del-huracan\/#primaryimage","url":"https:\/\/aise.eus\/wp-content\/uploads\/2020\/04\/cartel-ojo-huracan25.jpg","contentUrl":"https:\/\/aise.eus\/wp-content\/uploads\/2020\/04\/cartel-ojo-huracan25.jpg","width":799,"height":1081},{"@type":"WebPage","@id":"https:\/\/aise.eus\/index.php\/2020\/04\/30\/llegar-al-ojo-del-huracan\/#webpage","url":"https:\/\/aise.eus\/index.php\/2020\/04\/30\/llegar-al-ojo-del-huracan\/","name":"Llegar al ojo del hurac\u00e1n | aise","isPartOf":{"@id":"https:\/\/aise.eus\/#website"},"primaryImageOfPage":{"@id":"https:\/\/aise.eus\/index.php\/2020\/04\/30\/llegar-al-ojo-del-huracan\/#primaryimage"},"datePublished":"2020-04-30T19:30:42+00:00","dateModified":"2020-04-30T19:38:27+00:00","breadcrumb":{"@id":"https:\/\/aise.eus\/index.php\/2020\/04\/30\/llegar-al-ojo-del-huracan\/#breadcrumb"},"inLanguage":"es","potentialAction":[{"@type":"ReadAction","target":["https:\/\/aise.eus\/index.php\/2020\/04\/30\/llegar-al-ojo-del-huracan\/"]}]},{"@type":"BreadcrumbList","@id":"https:\/\/aise.eus\/index.php\/2020\/04\/30\/llegar-al-ojo-del-huracan\/#breadcrumb","itemListElement":[{"@type":"ListItem","position":1,"name":"Portada","item":"http:\/\/aise.eus\/"},{"@type":"ListItem","position":2,"name":"Llegar al ojo del hurac\u00e1n"}]},{"@type":"Article","@id":"https:\/\/aise.eus\/index.php\/2020\/04\/30\/llegar-al-ojo-del-huracan\/#article","isPartOf":{"@id":"https:\/\/aise.eus\/index.php\/2020\/04\/30\/llegar-al-ojo-del-huracan\/#webpage"},"author":{"name":"admin6783","@id":"https:\/\/aise.eus\/#\/schema\/person\/5298b8904029d93a695d79e8e802a4a3"},"headline":"Llegar al ojo del hurac\u00e1n","datePublished":"2020-04-30T19:30:42+00:00","dateModified":"2020-04-30T19:38:27+00:00","mainEntityOfPage":{"@id":"https:\/\/aise.eus\/index.php\/2020\/04\/30\/llegar-al-ojo-del-huracan\/#webpage"},"wordCount":178,"publisher":{"@id":"https:\/\/aise.eus\/#organization"},"image":{"@id":"https:\/\/aise.eus\/index.php\/2020\/04\/30\/llegar-al-ojo-del-huracan\/#primaryimage"},"thumbnailUrl":"https:\/\/aise.eus\/wp-content\/uploads\/2020\/04\/cartel-ojo-huracan25.jpg","keywords":["laboratorio"],"articleSection":["Destacados","Formaci\u00f3n","Laboratorios","Online"],"inLanguage":"es"},{"@type":"Person","@id":"https:\/\/aise.eus\/#\/schema\/person\/5298b8904029d93a695d79e8e802a4a3","name":"admin6783","image":{"@type":"ImageObject","inLanguage":"es","@id":"https:\/\/aise.eus\/#\/schema\/person\/image\/","url":"https:\/\/secure.gravatar.com\/avatar\/fdeb9737e89b743bf76e911af5e786ee5ec5536d39fdacd80d5e5150e8e81ad3?s=96&d=mm&r=g","contentUrl":"https:\/\/secure.gravatar.com\/avatar\/fdeb9737e89b743bf76e911af5e786ee5ec5536d39fdacd80d5e5150e8e81ad3?s=96&d=mm&r=g","caption":"admin6783"},"url":"https:\/\/aise.eus\/index.php\/author\/admin6783\/"}]}},"_links":{"self":[{"href":"https:\/\/aise.eus\/index.php\/wp-json\/wp\/v2\/posts\/3192","targetHints":{"allow":["GET"]}}],"collection":[{"href":"https:\/\/aise.eus\/index.php\/wp-json\/wp\/v2\/posts"}],"about":[{"href":"https:\/\/aise.eus\/index.php\/wp-json\/wp\/v2\/types\/post"}],"author":[{"embeddable":true,"href":"https:\/\/aise.eus\/index.php\/wp-json\/wp\/v2\/users\/1"}],"replies":[{"embeddable":true,"href":"https:\/\/aise.eus\/index.php\/wp-json\/wp\/v2\/comments?post=3192"}],"version-history":[{"count":5,"href":"https:\/\/aise.eus\/index.php\/wp-json\/wp\/v2\/posts\/3192\/revisions"}],"predecessor-version":[{"id":3198,"href":"https:\/\/aise.eus\/index.php\/wp-json\/wp\/v2\/posts\/3192\/revisions\/3198"}],"wp:featuredmedia":[{"embeddable":true,"href":"https:\/\/aise.eus\/index.php\/wp-json\/wp\/v2\/media\/3193"}],"wp:attachment":[{"href":"https:\/\/aise.eus\/index.php\/wp-json\/wp\/v2\/media?parent=3192"}],"wp:term":[{"taxonomy":"category","embeddable":true,"href":"https:\/\/aise.eus\/index.php\/wp-json\/wp\/v2\/categories?post=3192"},{"taxonomy":"post_tag","embeddable":true,"href":"https:\/\/aise.eus\/index.php\/wp-json\/wp\/v2\/tags?post=3192"}],"curies":[{"name":"wp","href":"https:\/\/api.w.org\/{rel}","templated":true}]}}